{"id":47,"date":"2018-07-11T16:23:36","date_gmt":"2018-07-11T19:23:36","guid":{"rendered":"https:\/\/www.institutoempresarial.com.br\/site\/?p=47"},"modified":"2018-07-11T16:23:36","modified_gmt":"2018-07-11T19:23:36","slug":"e-obrigacao-do-consumidor-atualizar-endereco-no-cadastro-de-financiamento","status":"publish","type":"post","link":"https:\/\/www.institutoempresarial.com.br\/site\/2018\/07\/11\/e-obrigacao-do-consumidor-atualizar-endereco-no-cadastro-de-financiamento\/","title":{"rendered":"\u00c9 obriga\u00e7\u00e3o do consumidor atualizar endere\u00e7o no cadastro de financiamento"},"content":{"rendered":"<p><span class=\"data\">15\/06\/2016<\/span><\/p>\n<p>\u00c9 obriga\u00e7\u00e3o do consumidor atualizar endere\u00e7o no cadastro de financiamento<br \/>\n<span style=\"font-size: 16px;\">14 de junho de 2016, 19h37<\/span><\/p>\n<p>A jurisprud\u00eancia \u00e9 firme em validar a intima\u00e7\u00e3o de natureza processual quando a parte descumpre sua obriga\u00e7\u00e3o de atualizar o endere\u00e7o. Foi o que afirmou a 4\u00aa Turma do Superior Tribunal de Justi\u00e7a ao reformar a decis\u00e3o do Tribunal de Justi\u00e7a do Rio de Janeiro que havia indeferido uma liminar de busca e apreens\u00e3o de um bem m\u00f3vel alienado fiduciariamente.<\/p>\n<p>O TJ-RJ indeferiu a liminar porque o devedor n\u00e3o havia sido localizado no endere\u00e7o informado no contrato firmado com uma financiadora.<\/p>\n<p>Segundo informa\u00e7\u00f5es do processo, a notifica\u00e7\u00e3o enviada pelo Cart\u00f3rio de T\u00edtulos e Documentos para comprovar o atraso no pagamento n\u00e3o foi entregue ao devedor, e retornou sem cumprimento porque o notificado se mudara do endere\u00e7o informado no contrato. Para o TJ-RJ, embora n\u00e3o seja necess\u00e1ria a intima\u00e7\u00e3o pessoal do devedor, a notifica\u00e7\u00e3o extrajudicial deve pelo menos ser efetivamente entregue no endere\u00e7o correto.<\/p>\n<p>Diante da decis\u00e3o, a financeira recorreu ao STJ sustentando, entre outros pontos, que cabe ao financiado informar \u00e0 institui\u00e7\u00e3o qualquer mudan\u00e7a de endere\u00e7o, seja por obriga\u00e7\u00e3o contratual, seja como atitude de boa-f\u00e9, n\u00e3o podendo o devedor se beneficiar de sua conduta. Argumentou ainda a exist\u00eancia de certid\u00e3o do tabeli\u00e3o certificando a expedi\u00e7\u00e3o de notifica\u00e7\u00e3o e a aus\u00eancia de entrega por culpa exclusiva do devedor.<br \/>\nPara o ministro do STF Luis Felipe Salom\u00e3o, \u00e9 dever do devedor manter endere\u00e7o de cadastro atualizado.<br \/>\nNa avalia\u00e7\u00e3o do ministro Luis Felipe Salom\u00e3o, que relatou o caso, o ju\u00edzo n\u00e3o pode indeferir a liminar sob o fundamento de n\u00e3o estar a inicial instru\u00edda por documento necess\u00e1rio \u00e0 comprova\u00e7\u00e3o da mora, quando existe documento emitido pelo tabeli\u00e3o do Cart\u00f3rio de T\u00edtulos e Documentos certificando que o devedor se mudou do endere\u00e7o constante do contrato.<\/p>\n<p>O ministro explicou que os agentes p\u00fablicos de serventias extrajudiciais s\u00e3o dotados de f\u00e9 p\u00fablica e submetidos ao controle das corregedorias de Justi\u00e7a. \u201cParece inevit\u00e1vel concluir que, at\u00e9 que ocorra a extin\u00e7\u00e3o da obriga\u00e7\u00e3o do contrato garantido por aliena\u00e7\u00e3o fiduci\u00e1ria, \u00e9 dever do devedor manter seu endere\u00e7o atualizado, constituindo o domic\u00edlio informa\u00e7\u00e3o relevante\u201d, afirmou.<\/p>\n<p>Com base no voto do relator, o colegiado ponderou que procede a tese do recorrente de que a mora decorre do simples vencimento. Assim, por formalidade legal, para ajuizamento da a\u00e7\u00e3o de busca e apreens\u00e3o, deve ser \\&#8221;apenas\\&#8221; comprovado pelo credor o envio de notifica\u00e7\u00e3o, por via postal, com aviso de recebimento no endere\u00e7o do devedor indicado no contrato.<\/p>\n<p>Pela decis\u00e3o, o TJ-RJ ter\u00e1 que reconhecer as formalidades exig\u00edveis para ajuizamento da a\u00e7\u00e3o de busca e apreens\u00e3o foram cumpridas e aprecie novamente o pedido de liminar.Com informa\u00e7\u00f5es da Assessoria de Imprensa do STJ.<\/p>\n","protected":false},"excerpt":{"rendered":"<p>15\/06\/2016 \u00c9 obriga\u00e7\u00e3o do consumidor atualizar endere\u00e7o no cadastro de financiamento 14 de junho de 2016, 19h37 A jurisprud\u00eancia \u00e9 firme em validar a intima\u00e7\u00e3o de natureza processual quando a parte descumpre sua obriga\u00e7\u00e3o de atualizar o endere\u00e7o. Foi o que afirmou a 4\u00aa Turma do Superior Tribunal de Justi\u00e7a ao reformar a decis\u00e3o do [&hellip;]<\/p>\n","protected":false},"author":1,"featured_media":0,"comment_status":"open","ping_status":"closed","sticky":false,"template":"","format":"standard","meta":{"site-sidebar-layout":"default","site-content-layout":"default","ast-site-content-layout":"default","site-content-style":"default","site-sidebar-style":"default","ast-global-header-display":"","ast-banner-title-visibility":"","ast-main-header-display":"","ast-hfb-above-header-display":"","ast-hfb-below-header-display":"","ast-hfb-mobile-header-display":"","site-post-title":"","ast-breadcrumbs-content":"","ast-featured-img":"","footer-sml-layout":"","ast-disable-related-posts":"","theme-transparent-header-meta":"","adv-header-id-meta":"","stick-header-meta":"","header-above-stick-meta":"","header-main-stick-meta":"","header-below-stick-meta":"","astra-migrate-meta-layouts":"default","ast-page-background-enabled":"default","ast-page-background-meta":{"desktop":{"background-color":"","background-image":"","background-repeat":"repeat","background-position":"center center","background-size":"auto","background-attachment":"scroll","background-type":"","background-media":"","overlay-type":"","overlay-color":"","overlay-opacity":"","overlay-gradient":""},"tablet":{"background-color":"","background-image":"","background-repeat":"repeat","background-position":"center center","background-size":"auto","background-attachment":"scroll","background-type":"","background-media":"","overlay-type":"","overlay-color":"","overlay-opacity":"","overlay-gradient":""},"mobile":{"background-color":"","background-image":"","background-repeat":"repeat","background-position":"center center","background-size":"auto","background-attachment":"scroll","background-type":"","background-media":"","overlay-type":"","overlay-color":"","overlay-opacity":"","overlay-gradient":""}},"ast-content-background-meta":{"desktop":{"background-color":"var(--ast-global-color-5)","background-image":"","background-repeat":"repeat","background-position":"center center","background-size":"auto","background-attachment":"scroll","background-type":"","background-media":"","overlay-type":"","overlay-color":"","overlay-opacity":"","overlay-gradient":""},"tablet":{"background-color":"var(--ast-global-color-5)","background-image":"","background-repeat":"repeat","background-position":"center center","background-size":"auto","background-attachment":"scroll","background-type":"","background-media":"","overlay-type":"","overlay-color":"","overlay-opacity":"","overlay-gradient":""},"mobile":{"background-color":"var(--ast-global-color-5)","background-image":"","background-repeat":"repeat","background-position":"center center","background-size":"auto","background-attachment":"scroll","background-type":"","background-media":"","overlay-type":"","overlay-color":"","overlay-opacity":"","overlay-gradient":""}},"footnotes":""},"categories":[6],"tags":[],"class_list":["post-47","post","type-post","status-publish","format-standard","hentry","category-consumidor"],"_links":{"self":[{"href":"https:\/\/www.institutoempresarial.com.br\/site\/wp-json\/wp\/v2\/posts\/47","targetHints":{"allow":["GET"]}}],"collection":[{"href":"https:\/\/www.institutoempresarial.com.br\/site\/wp-json\/wp\/v2\/posts"}],"about":[{"href":"https:\/\/www.institutoempresarial.com.br\/site\/wp-json\/wp\/v2\/types\/post"}],"author":[{"embeddable":true,"href":"https:\/\/www.institutoempresarial.com.br\/site\/wp-json\/wp\/v2\/users\/1"}],"replies":[{"embeddable":true,"href":"https:\/\/www.institutoempresarial.com.br\/site\/wp-json\/wp\/v2\/comments?post=47"}],"version-history":[{"count":1,"href":"https:\/\/www.institutoempresarial.com.br\/site\/wp-json\/wp\/v2\/posts\/47\/revisions"}],"predecessor-version":[{"id":48,"href":"https:\/\/www.institutoempresarial.com.br\/site\/wp-json\/wp\/v2\/posts\/47\/revisions\/48"}],"wp:attachment":[{"href":"https:\/\/www.institutoempresarial.com.br\/site\/wp-json\/wp\/v2\/media?parent=47"}],"wp:term":[{"taxonomy":"category","embeddable":true,"href":"https:\/\/www.institutoempresarial.com.br\/site\/wp-json\/wp\/v2\/categories?post=47"},{"taxonomy":"post_tag","embeddable":true,"href":"https:\/\/www.institutoempresarial.com.br\/site\/wp-json\/wp\/v2\/tags?post=47"}],"curies":[{"name":"wp","href":"https:\/\/api.w.org\/{rel}","templated":true}]}}